{"id":1,"date":"2015-04-17T08:17:10","date_gmt":"2015-04-17T06:17:10","guid":{"rendered":"\/?p=1"},"modified":"2015-10-04T11:21:43","modified_gmt":"2015-10-04T09:21:43","slug":"hallo-welt","status":"publish","type":"post","link":"http:\/\/www.luetzen-tagebau.de\/?p=1","title":{"rendered":"Artikel im Amtsblatt der Stadt L\u00fctzen vom 17. April 2015"},"content":{"rendered":"<p>Liebe B\u00fcrgerinnen und B\u00fcrger von L\u00fctzen,<\/p>\n<p>die Bagger r\u00fccken wieder n\u00e4her! Ab 2017 will EPH (MIBRAG) im Abbaufeld Domsen Kohle f\u00f6rdern.<br \/>\nDoch das ist nicht alles: aus Beitr\u00e4gen der Mitteldeutschen Zeitung vom 12. und 25. Februar war zu entnehmen, dass die Nutzung der Kohlelagerst\u00e4tte bei L\u00fctzen nicht vom Tisch ist und dass unsere Heimat in den tschechischen Kohlekraftwerken Komorany und Opatovice verbrannt werden soll. Denn schon heute werden \u00fcber 800.000 Tonnen Kohle j\u00e4hrlich aus dem Tagebau Profen nach Tschechien geliefert. Ab 2022 k\u00f6nnten diese Kraftwerke mit hiesiger Braunkohle beheizt werden, da das tschechische Hauptf\u00f6rdergebiet bis dahin ausgekohlt sind. Denn schon 1991 hat sich die damalige Regierung f\u00fcr einen schnellen Ausstieg aus aus der Braunkohle entschlossen. \u00dcbrigens gilt seit 2012 ein Gesetz, welches Tagebaue nur noch auf unbewohnter Fl\u00e4che zul\u00e4sst, damit niemand seine Heimat der Braunkohle opfern muss!<\/p>\n<p><!--more--><\/p>\n<p>Nun sind Kohletransporte \u00fcber weite Strecken eigentlich unrentabel, werden aber m\u00f6glich, da EPH (MIBRAG) eine indirekte Landesf\u00f6rderung erh\u00e4lt: das Unternehmen beteiligt sich nicht an Umweltfolgekosten, ist befreit von Grundwasserentnahmegeb\u00fchren, der EEG-Umlage und der F\u00f6rdergeb\u00fchr und profitiert von den immer noch viel zu niedrigen Preisen f\u00fcr CO2-Zertifikate. Damit ist die Kohleverstromung alles andere als subventionsfrei. Und w\u00fcrde diese indirekte Subventionierung wegfallen, w\u00e4re sie auch nicht mehr wirtschaftlich. <\/p>\n<p>Die F\u00f6rderung und Verbrennung von Braunkohle ist folglich unter diesen Bedingungen ein riesiges Gesch\u00e4ft f\u00fcr den gr\u00f6\u00dften Umweltzerst\u00f6rer und -verschmutzer unserer Region (die Region Halle-Leipzig ist durch die vielen Braunkohlekraftwerke eine der am meisten mit Feinstaub und CO2-Emissionen belasteten Regionen Deutschlands.)<\/p>\n<p>Zudem verzichtet das Land auf Millionen von Euro \u2013 Geld, welches beispielsweise im Bildungssektor dringend gebraucht wird!<\/p>\n<p>Sollen wir es hinnehmen, dass in unserer Region acht Ortschaften dem Tagebau zum Opfer fallen k\u00f6nnten? Etwas, das in Tschechien aufgrund fortschrittlicher und menschenw\u00fcrdigerer Gesetze nicht mehr m\u00f6glich ist? Sind der Landesregierung die Menschen in der Region egal und geht es hier nur um die Interessen eines Konzerns?<\/p>\n<p>Unter dem Motto \u201eZukunft f\u00fcr L\u00fctzen\u201c veranstaltet unsere Initiative am 25. April 2015 mit Hilfe der L\u00fctzener Schulen und anderer Vereine und Gruppen ihre 3. Radtour. Nach einer kleinen St\u00e4rkung auf dem Marktplatz in L\u00fctzen f\u00fchrt uns die Tour entlang der Ortschaften, die vom geplanten Tagebau L\u00fctzen bedroht werden. In diesem Jahr werden wir aber auch die Orte Wuschlaub und Tornau einbeziehen, die am Rand  des Tagebaus Domsen liegen werden. Die Rundfahrt endet in R\u00f6cken an der Nietzsche-Gedenkst\u00e4tte, wo auf alle Teilnehmer und G\u00e4ste Kaffee und Kuchen warten. Ein kleiner Flohmarkt ist dort ebenfalls geplant, dessen Erl\u00f6s der Nietzsche-Taufkirche in R\u00f6cken zugute kommen soll.<\/p>\n<p>Liebe L\u00fctznerinnen und L\u00fctzner, radeln Sie mit uns und setzten Sie ein Zeichen zum Erhalt unserer Heimat und unserer Schulen! <\/p>\n<p>Die K\u00fcnstlerin Patty Smith sagte einmal: \u201eDas Wichtigste, wof\u00fcr wir uns einsetzen m\u00fcssen, ist die Umwelt! Wir m\u00fcssen sie sch\u00fctzen vor der Wirtschaft und vor Kriegen.\u201c<\/p>\n<p>Die n\u00e4chste Versammlung unserer B\u00fcrgerinitiative findet am 30. April um 19.00 Uhr im Pfarrhaus in R\u00f6cken statt. Sie sind herzlich eingeladen!<\/p>\n<p><a href=\"http:\/\/www.stadt-luetzen.de\/media\/dokumente\/amtsblatt_2015\/nr._4_amtsblatt_april_2015.pdf\" target=\"_blank\">Amtsblatt der Stadt L\u00fctzen (PDF)<\/a><\/p>\n","protected":false},"excerpt":{"rendered":"<p>Liebe B\u00fcrgerinnen und B\u00fcrger von L\u00fctzen, die Bagger r\u00fccken wieder n\u00e4her! Ab 2017 will EPH (MIBRAG) im Abbaufeld Domsen Kohle f\u00f6rdern. Doch das ist nicht alles: aus Beitr\u00e4gen der Mitteldeutschen Zeitung vom 12. und 25. Februar war zu entnehmen, dass die Nutzung der Kohlelagerst\u00e4tte bei L\u00fctzen nicht vom Tisch ist und dass unsere Heimat in [&hellip;]<\/p>\n","protected":false},"author":1,"featured_media":0,"comment_status":"open","ping_status":"open","sticky":false,"template":"","format":"standard","meta":[],"categories":[1,4],"tags":[],"_links":{"self":[{"href":"http:\/\/www.luetzen-tagebau.de\/index.php?rest_route=\/wp\/v2\/posts\/1"}],"collection":[{"href":"http:\/\/www.luetzen-tagebau.de\/index.php?rest_route=\/wp\/v2\/posts"}],"about":[{"href":"http:\/\/www.luetzen-tagebau.de\/index.php?rest_route=\/wp\/v2\/types\/post"}],"author":[{"embeddable":true,"href":"http:\/\/www.luetzen-tagebau.de\/index.php?rest_route=\/wp\/v2\/users\/1"}],"replies":[{"embeddable":true,"href":"http:\/\/www.luetzen-tagebau.de\/index.php?rest_route=%2Fwp%2Fv2%2Fcomments&post=1"}],"version-history":[{"count":4,"href":"http:\/\/www.luetzen-tagebau.de\/index.php?rest_route=\/wp\/v2\/posts\/1\/revisions"}],"predecessor-version":[{"id":81,"href":"http:\/\/www.luetzen-tagebau.de\/index.php?rest_route=\/wp\/v2\/posts\/1\/revisions\/81"}],"wp:attachment":[{"href":"http:\/\/www.luetzen-tagebau.de\/index.php?rest_route=%2Fwp%2Fv2%2Fmedia&parent=1"}],"wp:term":[{"taxonomy":"category","embeddable":true,"href":"http:\/\/www.luetzen-tagebau.de\/index.php?rest_route=%2Fwp%2Fv2%2Fcategories&post=1"},{"taxonomy":"post_tag","embeddable":true,"href":"http:\/\/www.luetzen-tagebau.de\/index.php?rest_route=%2Fwp%2Fv2%2Ftags&post=1"}],"curies":[{"name":"wp","href":"https:\/\/api.w.org\/{rel}","templated":true}]}}