{"id":103,"date":"2014-09-12T07:57:42","date_gmt":"2014-09-12T05:57:42","guid":{"rendered":"http:\/\/www.luetzen-tagebau.de\/?p=103"},"modified":"2015-10-05T04:41:18","modified_gmt":"2015-10-05T02:41:18","slug":"artikel-im-amtsblatt-der-stadt-luetzen-vom-12-september-2014","status":"publish","type":"post","link":"http:\/\/www.luetzen-tagebau.de\/?p=103","title":{"rendered":"Artikel im Amtsblatt der Stadt L\u00fctzen vom 12. September 2014"},"content":{"rendered":"<p>Liebe B\u00fcrgerinnen und B\u00fcrger von L\u00fctzen,<\/p>\n<p>am 16. und 17. August 2014 erschien in der Mitteldeutschen Zeitung ein Artikel \u201eMIBRAG sieht keine Ende der Kohlenutzung\u201c. Man blickt trotz Energiewende optimistisch in die Zukunft. Die MIBRAG werde nicht zugrunde gehen, wenn eines Tages das Ende der Braunkohleverstromung gekommen sei, meint Arbeitsdirektor Heinz Jung. Man werde weiter Braunkohle f\u00f6rdern, es liefen Forschungen in der chemischen Industrie \u00fcber die k\u00fcnftige Verwertung der Braunkohle. Auch gebe es weiterhin Pl\u00e4ne f\u00fcr den Bau eines neuen Braunkohlekraftwerkes &#8211; dies w\u00fcrde sich immer noch rechnen. Au\u00dferdem w\u00fcrden derzeit 4000 Menschen in Sachsen und Sachsen-Anhalt direkt im Bergbau arbeiten. Wie soll man diese \u00c4u\u00dferungen bewerten? Wie wirtschaftlich Kohlekraftwerke derzeit sind, sieht man beim Energieriesen RWE. Der Konzern will wegen stark gefallener Preise an der Stromb\u00f6rse weitere Kraftwerke vom Netz nehmen. Bisher wurden bereits Anlagen mit einer Leistung von insgesamt 12.000 MW stillgelegt. Und trotzdem gehen die Lichter nicht aus\u2026<br \/>\n<!--more--><br \/>\nZur stofflichen Nutzung der Braunkohle muss man, genau wie bei den Kraftwerken, die Wirtschaftlichkeit betrachten. Forschungen zu diesem Thema g\u00e4be es schon einige. Wegen der hohen Abbaukosten und der geringen Bedarfsmenge von Braunkohle sowie der enormen Kosten der chemischen Verfahren ist eine Wirtschaftlichkeit jedoch kaum gegeben. Es ist viel zu teuer.<\/p>\n<p>Warum forscht man diesbez\u00fcglich nicht mit Biomasse? (Selbstverst\u00e4ndlich jedoch nicht aus Nahrungs- oder Futtermitteln) Mit den 4000 Besch\u00e4ftigten d\u00fcrfte Herr Jung die MIBRAG nicht meinen. Auf der Internetseite der MIBRAG warb er n\u00e4mlich 2012 damit, dass 20 % der Besch\u00e4ftigten Auszubildende seien. Beim Nachrechnen mit der Anzahl der Auszubildenden, die im Jahr 2012 einen Beruf bei der MIBRAG erlernten, ergaben sich 1645 Besch\u00e4ftigte. Warum spricht Herr Jung dann von 4000? Zudem laufen die genehmigten Abbaufelder laut eigenen Angaben bis 2040. Deshalb d\u00fcrfte kein jetzt bestehender Arbeitsplatz in Gefahr sein. Aber ist nicht das Problem der MIBRAG sowieso ein ganz anderes? Ist es nicht das eigene Mutterunternehmen EPE mit seinem undurchsichtigen Finanzgebaren? (Nachzulesen im Internet in Beitr\u00e4gen des Energiejournalisten Stefan Schr\u00f6ter.) Sind es nicht die aufw\u00e4ndigen Kohletransporte in die Kohlekraftwerke in Tschechien? Der Energieaufwand f\u00fcr weite Transporte verschlechtert noch die bereits ung\u00fcnstige Umweltbilanz der fossilen Energietr\u00e4ger und reduziert den ohnehin geringen Wirkungsgrad der Braunkohleverstromung zus\u00e4tzlich. Wie also kann sich das noch rechnen<\/p>\n<p>Die MIBRAG ist abh\u00e4ngig von Subventionen und Befreiungen, z. B. bei der Grundwasserentnahme und der EEG-Umlage. Ohne diese milliardenschweren k\u00fcnstlichen politischen Hilfen w\u00e4re die Braunkohle n\u00e4mlich schon heute am Ende. Die aufgekl\u00e4rten B\u00fcrgerinnen und B\u00fcrger in Deutschland wissen: die Energiewende ist richtig und alternativlos! Wir als B\u00fcrgerinitiative k\u00e4mpfen f\u00fcr den Erhalt unserer Grundst\u00fccke, unserer D\u00f6rfer, unserer Heimat. Die Gefahr eines \u201eTagebaus L\u00fctzen\u201c ist nicht gebannt. Der unabh\u00e4ngige Filmemacher Frank Farenski dreht gerade einen neuen Film \u00fcber die Energiewende. Ein brisantes Thema dieses Films wird die Bundesautobahn A 38 in der Region L\u00fctzen sein \u2013 freigegeben im Jahr 2000. Sie verl\u00e4uft mitten durch das geplante Abbaufeld. Dazu und zu weiteren Themen wird zu unserer n\u00e4chsten Versammlung diskutiert werden. Sie findet am 25.09.2014 um 19.00 Uhr im Pfarrhaus L\u00fctzen statt. Sie alle sind herzlich dazu eingeladen!<\/p>\n<p><a href=\"http:\/\/www.stadt-luetzen.de\/media\/dokumente\/amtsblatt_2014\/amtsblatt_september_2014.pdf\" target=\"_blank\">Amtsblatt der Stadt L\u00fctzen (PDF)<\/a><\/p>\n","protected":false},"excerpt":{"rendered":"<p>Liebe B\u00fcrgerinnen und B\u00fcrger von L\u00fctzen, am 16. und 17. August 2014 erschien in der Mitteldeutschen Zeitung ein Artikel \u201eMIBRAG sieht keine Ende der Kohlenutzung\u201c. Man blickt trotz Energiewende optimistisch in die Zukunft. Die MIBRAG werde nicht zugrunde gehen, wenn eines Tages das Ende der Braunkohleverstromung gekommen sei, meint Arbeitsdirektor Heinz Jung. Man werde weiter [&hellip;]<\/p>\n","protected":false},"author":1,"featured_media":0,"comment_status":"open","ping_status":"open","sticky":false,"template":"","format":"standard","meta":[],"categories":[1,4],"tags":[],"_links":{"self":[{"href":"http:\/\/www.luetzen-tagebau.de\/index.php?rest_route=\/wp\/v2\/posts\/103"}],"collection":[{"href":"http:\/\/www.luetzen-tagebau.de\/index.php?rest_route=\/wp\/v2\/posts"}],"about":[{"href":"http:\/\/www.luetzen-tagebau.de\/index.php?rest_route=\/wp\/v2\/types\/post"}],"author":[{"embeddable":true,"href":"http:\/\/www.luetzen-tagebau.de\/index.php?rest_route=\/wp\/v2\/users\/1"}],"replies":[{"embeddable":true,"href":"http:\/\/www.luetzen-tagebau.de\/index.php?rest_route=%2Fwp%2Fv2%2Fcomments&post=103"}],"version-history":[{"count":1,"href":"http:\/\/www.luetzen-tagebau.de\/index.php?rest_route=\/wp\/v2\/posts\/103\/revisions"}],"predecessor-version":[{"id":104,"href":"http:\/\/www.luetzen-tagebau.de\/index.php?rest_route=\/wp\/v2\/posts\/103\/revisions\/104"}],"wp:attachment":[{"href":"http:\/\/www.luetzen-tagebau.de\/index.php?rest_route=%2Fwp%2Fv2%2Fmedia&parent=103"}],"wp:term":[{"taxonomy":"category","embeddable":true,"href":"http:\/\/www.luetzen-tagebau.de\/index.php?rest_route=%2Fwp%2Fv2%2Fcategories&post=103"},{"taxonomy":"post_tag","embeddable":true,"href":"http:\/\/www.luetzen-tagebau.de\/index.php?rest_route=%2Fwp%2Fv2%2Ftags&post=103"}],"curies":[{"name":"wp","href":"https:\/\/api.w.org\/{rel}","templated":true}]}}