{"id":119,"date":"2015-11-13T08:36:51","date_gmt":"2015-11-13T07:36:51","guid":{"rendered":"http:\/\/www.luetzen-tagebau.de\/?p=119"},"modified":"2016-02-04T23:10:54","modified_gmt":"2016-02-04T22:10:54","slug":"artikel-im-amtsblatt-der-stadt-luetzen-vom-13-november-2015","status":"publish","type":"post","link":"http:\/\/www.luetzen-tagebau.de\/?p=119","title":{"rendered":"Artikel im Amtsblatt der Stadt L\u00fctzen vom 13. November 2015"},"content":{"rendered":"<p>Liebe B\u00fcrgerinnen und B\u00fcrger von L\u00fctzen,<\/p>\n<p>wegen Ermittlungen der Staatsanwaltschaft Bochum, spezialisiert auf Steuerdelikte, wurde der Gesch\u00e4ftsf\u00fchrer der MIBRAG Joachim Geisler am 7. Oktober von seinen Aufgaben freigestellt. Anscheinend gab es Unregelm\u00e4\u00dfigkeiten beim Verkauf der MIBRAG \u2013 warum sind wir als B\u00fcrgerinitiative nicht \u00fcberrascht? Seit der Ank\u00fcndigung eines geplanten Tagebaues L\u00fctzen steht dieses Unternehmen im Fokus.<br \/>\n<!--more--> Wir sehen das Gesch\u00e4ftsgebaren sehr kritisch. Es gibt riesige Mitnahmeeffekte. Den Kaufpreis von ca. 400 Millionen Euro im Jahr 2009 hat sich EPH l\u00e4ngst zur\u00fcckgeholt und in sichere Steuerparadiese transferiert. Die Tatsache, dass den ehemaligen Gesch\u00e4ftsf\u00fchrern Heiner Krieg und Horst Schmidt Stasit\u00e4tigkeit nachgewiesen wurde, macht das Unternehmen auch nicht seri\u00f6ser. Weiterhin sind die Au\u00dfendarstellung und die Kommunikation eher suboptimal. Bei Themen wie den Kohletransporten nach Tschechien oder der Anzahl der MIBRAG-Mitarbeiter wurden und werden st\u00e4ndig andere Zahlen genannt. Selbst die Ver\u00f6ffentlichung des j\u00e4hrlichen Gesch\u00e4ftsberichtes geschah in diesem Jahr nur unter Aus\u00fcbung von juristischem Druck.<br \/>\nIm Moment befindet sich EPH gerade in Verhandlungen mit dem schwedischen Staatsunternehmen Vattenfall. Man w\u00fcrde gerne deren Kohlesparten in Brandenburg und Sachsen \u00fcbernehmen, welche derzeit zum Verkauf stehen. Oder kann man den Rausschmiss von Joachim Geisler sogar in diesem Zusammenhang sehen? Ist der Saarl\u00e4nder nur ein Bauernopfer, um das Unternehmen MIBRAG diesbez\u00fcglich sauber zu waschen? Wegen der katastrophalen Umwelt- und Klimabilanz will sich Schweden von der Braunkohle trennen. Mit im Bieterrennen um die Braunkohlekraftwerke und -tagebaue von Vattenfall ist der Umweltverband Greenpeace. Um die Klimaziele in Europa und Deutschland noch einigerma\u00dfen erreichen zu k\u00f6nnen, w\u00fcrde Greenpeace diese Kohlesparte bis 2030 abwickeln. Nun ist das K\u00f6nigreich Schweden gefragt: wer bekommt den Zuschlag? Bekommt ihn ein Finanzinvestor wie EPH, der die schwedische Idee ad absurdum f\u00fchrt und die Umwelt und das Klima weiterhin in gro\u00dfem Stile sch\u00e4digt und zerst\u00f6rt und bei dem die Staatsanw\u00e4lte ein und aus gehen? Oder werden die Umweltsch\u00fctzer von Greenpeace die neuen Eigent\u00fcmer? <\/p>\n<p>Unsere n\u00e4chste Versammlung findet am 26.11.2015 um 19.00 Uhr im Pfarrhaus R\u00f6cken statt.<\/p>\n<p><a href=\"http:\/\/www.stadt-luetzen.de\/media\/dokumente\/amtsblatt_2015\/nr_._11_amtsblatt_november_2015_.pdf\" target=\"_blank\">Amtsblatt der Stadt L\u00fctzen (PDF)<\/a><\/p>\n","protected":false},"excerpt":{"rendered":"<p>Liebe B\u00fcrgerinnen und B\u00fcrger von L\u00fctzen, wegen Ermittlungen der Staatsanwaltschaft Bochum, spezialisiert auf Steuerdelikte, wurde der Gesch\u00e4ftsf\u00fchrer der MIBRAG Joachim Geisler am 7. Oktober von seinen Aufgaben freigestellt. Anscheinend gab es Unregelm\u00e4\u00dfigkeiten beim Verkauf der MIBRAG \u2013 warum sind wir als B\u00fcrgerinitiative nicht \u00fcberrascht? Seit der Ank\u00fcndigung eines geplanten Tagebaues L\u00fctzen steht dieses Unternehmen im [&hellip;]<\/p>\n","protected":false},"author":1,"featured_media":0,"comment_status":"open","ping_status":"open","sticky":false,"template":"","format":"standard","meta":[],"categories":[1,4],"tags":[],"_links":{"self":[{"href":"http:\/\/www.luetzen-tagebau.de\/index.php?rest_route=\/wp\/v2\/posts\/119"}],"collection":[{"href":"http:\/\/www.luetzen-tagebau.de\/index.php?rest_route=\/wp\/v2\/posts"}],"about":[{"href":"http:\/\/www.luetzen-tagebau.de\/index.php?rest_route=\/wp\/v2\/types\/post"}],"author":[{"embeddable":true,"href":"http:\/\/www.luetzen-tagebau.de\/index.php?rest_route=\/wp\/v2\/users\/1"}],"replies":[{"embeddable":true,"href":"http:\/\/www.luetzen-tagebau.de\/index.php?rest_route=%2Fwp%2Fv2%2Fcomments&post=119"}],"version-history":[{"count":5,"href":"http:\/\/www.luetzen-tagebau.de\/index.php?rest_route=\/wp\/v2\/posts\/119\/revisions"}],"predecessor-version":[{"id":124,"href":"http:\/\/www.luetzen-tagebau.de\/index.php?rest_route=\/wp\/v2\/posts\/119\/revisions\/124"}],"wp:attachment":[{"href":"http:\/\/www.luetzen-tagebau.de\/index.php?rest_route=%2Fwp%2Fv2%2Fmedia&parent=119"}],"wp:term":[{"taxonomy":"category","embeddable":true,"href":"http:\/\/www.luetzen-tagebau.de\/index.php?rest_route=%2Fwp%2Fv2%2Fcategories&post=119"},{"taxonomy":"post_tag","embeddable":true,"href":"http:\/\/www.luetzen-tagebau.de\/index.php?rest_route=%2Fwp%2Fv2%2Ftags&post=119"}],"curies":[{"name":"wp","href":"https:\/\/api.w.org\/{rel}","templated":true}]}}