{"id":305,"date":"2018-09-17T14:24:31","date_gmt":"2018-09-17T12:24:31","guid":{"rendered":"http:\/\/www.luetzen-tagebau.de\/?p=305"},"modified":"2018-10-13T10:24:40","modified_gmt":"2018-10-13T08:24:40","slug":"soliaktion-fuer-hambacher-forst","status":"publish","type":"post","link":"http:\/\/www.luetzen-tagebau.de\/?p=305","title":{"rendered":"Soliaktion f\u00fcr Hambacher Forst"},"content":{"rendered":"<p>&nbsp;<\/p>\n<p>Um unsere Solidarit\u00e4t mit dem Hambacher Forst zum Ausdruck zu bringen, haben wir gemeinsam mit der Initiative &#8222;P\u00f6delwitz bleibt!&#8220; ein Baumhaus gebaut und aufgestellt. Das Baumhaus wurde am 08.09. gebaut und eine Woche sp\u00e4ter feierlich aufgestellt. Zur Feier des Tages gab der bestaussehendste Chor aus Leipzig ein tolles Konzert und mit einer gemeinsamen Fotoaktion wurde das Baumhaus eingeweiht.<!--more--><\/p>\n<div class=\"rl-gallery-container rl-loading\" id=\"rl-gallery-container-1\" data-gallery_id=\"337\"> <div class=\"rl-gallery rl-basicgrid-gallery rl-hover-effect-2 rl-hover-icon-2\" id=\"rl-gallery-1\" data-gallery_no=\"1\"> <div class=\"rl-gallery-item\"><a href=\"http:\/\/www.luetzen-tagebau.de\/wp-content\/uploads\/2018\/09\/ATT00192.jpg\" title=\"\" data-rl_title=\"\" class=\"rl-gallery-link\" data-rl_caption=\"\" data-rel=\"lightbox-gallery-1\"><img src=\"http:\/\/www.luetzen-tagebau.de\/wp-content\/uploads\/2018\/09\/ATT00192-1140x624.jpg\" width=\"1140\" height=\"624\" alt=\"\"\/><\/a><\/div><div class=\"rl-gallery-item\"><a href=\"http:\/\/www.luetzen-tagebau.de\/wp-content\/uploads\/2018\/09\/ATT00114.jpg\" title=\"\" data-rl_title=\"\" class=\"rl-gallery-link\" data-rl_caption=\"\" data-rel=\"lightbox-gallery-1\"><img src=\"http:\/\/www.luetzen-tagebau.de\/wp-content\/uploads\/2018\/09\/ATT00114-1140x624.jpg\" width=\"1140\" height=\"624\" alt=\"\"\/><\/a><\/div><div class=\"rl-gallery-item\"><a href=\"http:\/\/www.luetzen-tagebau.de\/wp-content\/uploads\/2018\/09\/ATT00108.jpg\" title=\"\" data-rl_title=\"\" class=\"rl-gallery-link\" data-rl_caption=\"\" data-rel=\"lightbox-gallery-1\"><img src=\"http:\/\/www.luetzen-tagebau.de\/wp-content\/uploads\/2018\/09\/ATT00108-1140x624.jpg\" width=\"1140\" height=\"624\" alt=\"\"\/><\/a><\/div><div class=\"rl-gallery-item\"><a href=\"http:\/\/www.luetzen-tagebau.de\/wp-content\/uploads\/2018\/09\/ATT00104.jpg\" title=\"\" data-rl_title=\"\" class=\"rl-gallery-link\" data-rl_caption=\"\" data-rel=\"lightbox-gallery-1\"><img src=\"http:\/\/www.luetzen-tagebau.de\/wp-content\/uploads\/2018\/09\/ATT00104-1140x624.jpg\" width=\"1140\" height=\"624\" alt=\"\"\/><\/a><\/div><div class=\"rl-gallery-item\"><a href=\"http:\/\/www.luetzen-tagebau.de\/wp-content\/uploads\/2018\/09\/P1090241.jpg\" title=\"\" data-rl_title=\"\" class=\"rl-gallery-link\" data-rl_caption=\"\" data-rel=\"lightbox-gallery-1\"><img src=\"http:\/\/www.luetzen-tagebau.de\/wp-content\/uploads\/2018\/09\/P1090241-1140x624.jpg\" width=\"1140\" height=\"624\" alt=\"\"\/><\/a><\/div><div class=\"rl-gallery-item\"><a href=\"http:\/\/www.luetzen-tagebau.de\/wp-content\/uploads\/2018\/09\/P1090256.jpg\" title=\"\" data-rl_title=\"\" class=\"rl-gallery-link\" data-rl_caption=\"\" data-rel=\"lightbox-gallery-1\"><img src=\"http:\/\/www.luetzen-tagebau.de\/wp-content\/uploads\/2018\/09\/P1090256-1140x624.jpg\" width=\"1140\" height=\"624\" alt=\"\"\/><\/a><\/div> <\/div> <\/div>\n","protected":false},"excerpt":{"rendered":"<p>&nbsp; Um unsere Solidarit\u00e4t mit dem Hambacher Forst zum Ausdruck zu bringen, haben wir gemeinsam mit der Initiative &#8222;P\u00f6delwitz bleibt!&#8220; ein Baumhaus gebaut und aufgestellt. Das Baumhaus wurde am 08.09. gebaut und eine Woche sp\u00e4ter feierlich aufgestellt. Zur Feier des Tages gab der bestaussehendste Chor aus Leipzig ein tolles Konzert und mit einer gemeinsamen Fotoaktion [&hellip;]<\/p>\n","protected":false},"author":1,"featured_media":297,"comment_status":"open","ping_status":"open","sticky":false,"template":"","format":"standard","meta":[],"categories":[2,1,4],"tags":[],"_links":{"self":[{"href":"http:\/\/www.luetzen-tagebau.de\/index.php?rest_route=\/wp\/v2\/posts\/305"}],"collection":[{"href":"http:\/\/www.luetzen-tagebau.de\/index.php?rest_route=\/wp\/v2\/posts"}],"about":[{"href":"http:\/\/www.luetzen-tagebau.de\/index.php?rest_route=\/wp\/v2\/types\/post"}],"author":[{"embeddable":true,"href":"http:\/\/www.luetzen-tagebau.de\/index.php?rest_route=\/wp\/v2\/users\/1"}],"replies":[{"embeddable":true,"href":"http:\/\/www.luetzen-tagebau.de\/index.php?rest_route=%2Fwp%2Fv2%2Fcomments&post=305"}],"version-history":[{"count":7,"href":"http:\/\/www.luetzen-tagebau.de\/index.php?rest_route=\/wp\/v2\/posts\/305\/revisions"}],"predecessor-version":[{"id":339,"href":"http:\/\/www.luetzen-tagebau.de\/index.php?rest_route=\/wp\/v2\/posts\/305\/revisions\/339"}],"wp:featuredmedia":[{"embeddable":true,"href":"http:\/\/www.luetzen-tagebau.de\/index.php?rest_route=\/wp\/v2\/media\/297"}],"wp:attachment":[{"href":"http:\/\/www.luetzen-tagebau.de\/index.php?rest_route=%2Fwp%2Fv2%2Fmedia&parent=305"}],"wp:term":[{"taxonomy":"category","embeddable":true,"href":"http:\/\/www.luetzen-tagebau.de\/index.php?rest_route=%2Fwp%2Fv2%2Fcategories&post=305"},{"taxonomy":"post_tag","embeddable":true,"href":"http:\/\/www.luetzen-tagebau.de\/index.php?rest_route=%2Fwp%2Fv2%2Ftags&post=305"}],"curies":[{"name":"wp","href":"https:\/\/api.w.org\/{rel}","templated":true}]}}