{"id":367,"date":"2018-11-08T15:09:23","date_gmt":"2018-11-08T14:09:23","guid":{"rendered":"http:\/\/www.luetzen-tagebau.de\/?p=367"},"modified":"2018-11-08T22:38:05","modified_gmt":"2018-11-08T21:38:05","slug":"veranstaltung-wertschoepfung-durch-buergerenergie-im-burgenlandkreis","status":"publish","type":"post","link":"http:\/\/www.luetzen-tagebau.de\/?p=367","title":{"rendered":"Veranstaltung &#8222;Wertsch\u00f6pfung durch B\u00fcrgerenergie im Burgenlandkreis&#8220;"},"content":{"rendered":"<p>Liebe Freunde, auch wir machen uns Gedanken zum Strukturwandel. darum laden wir alle interessierten B\u00fcrger ein, zur Veranstaltung am 19.11.2018 nach L\u00fctzen zu kommen.<\/p>\n<p>Donnerstag, 29. November 2018 um 18 Uhr<br \/>\nOrt: Gasthof &#8222;Roter L\u00f6we&#8220;, Ernst-Th\u00e4lmann-Stra\u00dfe 9 , 06686 Lu\u0308tzen<br \/>\nAnmeldung unter info@helionat.de oder 0391-557 600 20<br \/>\nDie Teilnahme ist kostenfrei<\/p>\n<p>Weitere Informationen gibt es hier: <a href=\"http:\/\/www.luetzen-tagebau.de\/wp-content\/uploads\/2018\/11\/Plakat-Workshop-Lu\u0308tzen.pdf\" target=\"_blank\" rel=\"noopener\">Plakat Workshop (PDF)<\/a><\/p>\n","protected":false},"excerpt":{"rendered":"<p>Liebe Freunde, auch wir machen uns Gedanken zum Strukturwandel. darum laden wir alle interessierten B\u00fcrger ein, zur Veranstaltung am 19.11.2018 nach L\u00fctzen zu kommen. Donnerstag, 29. November 2018 um 18 Uhr Ort: Gasthof &#8222;Roter L\u00f6we&#8220;, Ernst-Th\u00e4lmann-Stra\u00dfe 9 , 06686 Lu\u0308tzen Anmeldung unter info@helionat.de oder 0391-557 600 20 Die Teilnahme ist kostenfrei Weitere Informationen gibt es [&hellip;]<\/p>\n","protected":false},"author":1,"featured_media":368,"comment_status":"closed","ping_status":"closed","sticky":false,"template":"","format":"standard","meta":[],"categories":[1,3],"tags":[],"_links":{"self":[{"href":"http:\/\/www.luetzen-tagebau.de\/index.php?rest_route=\/wp\/v2\/posts\/367"}],"collection":[{"href":"http:\/\/www.luetzen-tagebau.de\/index.php?rest_route=\/wp\/v2\/posts"}],"about":[{"href":"http:\/\/www.luetzen-tagebau.de\/index.php?rest_route=\/wp\/v2\/types\/post"}],"author":[{"embeddable":true,"href":"http:\/\/www.luetzen-tagebau.de\/index.php?rest_route=\/wp\/v2\/users\/1"}],"replies":[{"embeddable":true,"href":"http:\/\/www.luetzen-tagebau.de\/index.php?rest_route=%2Fwp%2Fv2%2Fcomments&post=367"}],"version-history":[{"count":3,"href":"http:\/\/www.luetzen-tagebau.de\/index.php?rest_route=\/wp\/v2\/posts\/367\/revisions"}],"predecessor-version":[{"id":372,"href":"http:\/\/www.luetzen-tagebau.de\/index.php?rest_route=\/wp\/v2\/posts\/367\/revisions\/372"}],"wp:featuredmedia":[{"embeddable":true,"href":"http:\/\/www.luetzen-tagebau.de\/index.php?rest_route=\/wp\/v2\/media\/368"}],"wp:attachment":[{"href":"http:\/\/www.luetzen-tagebau.de\/index.php?rest_route=%2Fwp%2Fv2%2Fmedia&parent=367"}],"wp:term":[{"taxonomy":"category","embeddable":true,"href":"http:\/\/www.luetzen-tagebau.de\/index.php?rest_route=%2Fwp%2Fv2%2Fcategories&post=367"},{"taxonomy":"post_tag","embeddable":true,"href":"http:\/\/www.luetzen-tagebau.de\/index.php?rest_route=%2Fwp%2Fv2%2Ftags&post=367"}],"curies":[{"name":"wp","href":"https:\/\/api.w.org\/{rel}","templated":true}]}}