{"id":373,"date":"2018-11-07T20:36:16","date_gmt":"2018-11-07T19:36:16","guid":{"rendered":"http:\/\/www.luetzen-tagebau.de\/?p=373"},"modified":"2018-11-08T22:38:36","modified_gmt":"2018-11-08T21:38:36","slug":"artikel-im-amtsblatt-der-stadt-luetzen-vom-06-november-2018","status":"publish","type":"post","link":"http:\/\/www.luetzen-tagebau.de\/?p=373","title":{"rendered":"Artikel im Amtsblatt der Stadt L\u00fctzen vom 06. November 2018"},"content":{"rendered":"<p>Sehr geehrte B\u00fcrgerinnen und B\u00fcrger,<\/p>\n<p>drei Mitglieder unserer B\u00fcrgerinitiative nutzten die M\u00f6glichkeit, mit einem Bus des BUND am 6.Oktober zur Demonstration am Hambacher Wald im Rheinland zu fahren. Was war das f\u00fcr ein Tag: \u00dcber 50.000 Menschen kamen dieses Wochenende zum Hambacher Wald. In bester Feierlaune. Denn RWE hat vor Gericht eine krachende Niederlage einstecken m\u00fcssen. Der uralte Wald darf vorerst nicht gerodet werden. Seitdem ist st\u00e4ndig vom Kohleausstieg und Strukturwandel in allen Zeitungen zu lesen. Daf\u00fcr war jener Samstag ein grandioser Auftakt. Noch nie haben so viele Menschen aus allen Ecken der Gesellschaft f\u00fcr den Kohleausstieg demonstriert.<!--more--><br \/>\nEine weitere Veranstaltung zu diesem Thema fand am 20.Oktober in Halle statt. B\u00fcndnis 90\/GR\u00dcNE hatten in die Franckeschen Stiftungen eingeladen und aus Politik und Wirtschaft waren G\u00e4ste gekommen. Einig war man sich, Forderungen an den Bund zu stellen, um es nicht zu Strukturbr\u00fcchen wie nach der Wende kommen zu lassen. Allerdings sollen die bereitgestellten Gelder nicht f\u00fcr die Sanierung von Konzernen ausgegeben, sondern f\u00fcr die Einrichtung von neuen Arbeitspl\u00e4tzen und zur Beseitigung von Infrastrukturschw\u00e4chen Mitteldeutschlands (Zugverbindungen und Breitbandausbau) genutzt werden.<br \/>\nIm November, vermutlich am 29.10.2018 um 18.00 Uhr, wird im Kleinen Saal des \u201eRoten L\u00f6wen\u201c eine Information vom Landesverband Erneuerbare Energien Sachsen- Anhalt e.V. erfolgen.Die Energiegenossenschaft Helionat eG verfolgt die aktive Teilhabe der vor Ort lebenden B\u00fcrger an Erneuerbaren Energien. Die vorwiegend auf kommunalen D\u00e4chern installierten B\u00fcrgersolaranlagen \u00fcben einen aktiven Einfluss auf die lokale Energiepolitik aus und st\u00e4rken zugleich regionale Wirtschaftskreisl\u00e4ufe, indem dort wo m\u00f6glich ausschlie\u00dflich Technik aus Sachsen-Anhalt zum Einsatz kommt und die Wertsch\u00f6pfung aus dem Stromverkauf in der Region verbleibt. Joerg Dahlke (Gesch\u00e4ftsf\u00fchrer Helionat) wird uns praktische Hinweise f\u00fcr die Kommunale und Private Nutzung der Sonnenenergie geben. Wir laden herzlich dazu ein.<\/p>\n<p>B\u00fcrgerinitiative \u201eZukunft statt Braunkohle- Region L\u00fctzen\u201c<\/p>\n<p><a href=\"http:\/\/www.stadt-luetzen.de\/media\/dokumente\/amtsblatt_2018\/nr._11_amtsblatt_november_2018.pdf\" target=\"_blank\" rel=\"noopener\">Amtsblatt der Stadt L\u00fctzen (PDF)<\/a><\/p>\n","protected":false},"excerpt":{"rendered":"<p>Sehr geehrte B\u00fcrgerinnen und B\u00fcrger, drei Mitglieder unserer B\u00fcrgerinitiative nutzten die M\u00f6glichkeit, mit einem Bus des BUND am 6.Oktober zur Demonstration am Hambacher Wald im Rheinland zu fahren. Was war das f\u00fcr ein Tag: \u00dcber 50.000 Menschen kamen dieses Wochenende zum Hambacher Wald. In bester Feierlaune. Denn RWE hat vor Gericht eine krachende Niederlage einstecken [&hellip;]<\/p>\n","protected":false},"author":1,"featured_media":374,"comment_status":"closed","ping_status":"closed","sticky":false,"template":"","format":"standard","meta":[],"categories":[2,1,4],"tags":[],"_links":{"self":[{"href":"http:\/\/www.luetzen-tagebau.de\/index.php?rest_route=\/wp\/v2\/posts\/373"}],"collection":[{"href":"http:\/\/www.luetzen-tagebau.de\/index.php?rest_route=\/wp\/v2\/posts"}],"about":[{"href":"http:\/\/www.luetzen-tagebau.de\/index.php?rest_route=\/wp\/v2\/types\/post"}],"author":[{"embeddable":true,"href":"http:\/\/www.luetzen-tagebau.de\/index.php?rest_route=\/wp\/v2\/users\/1"}],"replies":[{"embeddable":true,"href":"http:\/\/www.luetzen-tagebau.de\/index.php?rest_route=%2Fwp%2Fv2%2Fcomments&post=373"}],"version-history":[{"count":3,"href":"http:\/\/www.luetzen-tagebau.de\/index.php?rest_route=\/wp\/v2\/posts\/373\/revisions"}],"predecessor-version":[{"id":377,"href":"http:\/\/www.luetzen-tagebau.de\/index.php?rest_route=\/wp\/v2\/posts\/373\/revisions\/377"}],"wp:featuredmedia":[{"embeddable":true,"href":"http:\/\/www.luetzen-tagebau.de\/index.php?rest_route=\/wp\/v2\/media\/374"}],"wp:attachment":[{"href":"http:\/\/www.luetzen-tagebau.de\/index.php?rest_route=%2Fwp%2Fv2%2Fmedia&parent=373"}],"wp:term":[{"taxonomy":"category","embeddable":true,"href":"http:\/\/www.luetzen-tagebau.de\/index.php?rest_route=%2Fwp%2Fv2%2Fcategories&post=373"},{"taxonomy":"post_tag","embeddable":true,"href":"http:\/\/www.luetzen-tagebau.de\/index.php?rest_route=%2Fwp%2Fv2%2Ftags&post=373"}],"curies":[{"name":"wp","href":"https:\/\/api.w.org\/{rel}","templated":true}]}}