{"id":417,"date":"2019-06-20T12:34:42","date_gmt":"2019-06-20T10:34:42","guid":{"rendered":"http:\/\/www.luetzen-tagebau.de\/?p=417"},"modified":"2019-06-20T12:34:42","modified_gmt":"2019-06-20T10:34:42","slug":"alle-doerfer-bleiben-aktionstag-kohle-stoppen-klima-und-doerfer-retten","status":"publish","type":"post","link":"http:\/\/www.luetzen-tagebau.de\/?p=417","title":{"rendered":"Alle D\u00f6rfer BLEIBEN! \u2013 Aktionstag Kohle Stoppen! Klima und D\u00f6rfer retten!"},"content":{"rendered":"<p>Am 22.06.2019 findet der Aktionstag &#8222;Alle D\u00f6rfer BLEIBEN! \u2013 Aktionstag Kohle Stoppen! Klima und D\u00f6rfer retten!&#8220; statt. Die BI &#8222;Zukunft statt Braunkohle &#8211; Region L\u00fctzen&#8220; ist Teil dieser Aktion und solidarisiert sich mit dessen Teilnehmern. Am Sonntag wird demonstriert werden:<\/p>\n<ul>\n<li>daf\u00fcr, dass die bedrohten D\u00f6rfer und der Hambacher Wald erhalten bleiben.<\/li>\n<li>f\u00fcr einen Kohleausstieg, der dem Pariser Klimaabkommen gerecht wird. Dann muss sp\u00e4testens 2030 Schluss sein mit der Kohle!<\/li>\n<li>f\u00fcr ein ambitioniertes Klimaschutzgesetz, das mit konkreten Ma\u00dfnahmen sicherstellt, dass Deutschland das 1,5 Grad-Limit einh\u00e4lt.<\/li>\n<\/ul>\n<p>Weitere Infos gibt es hier: <a href=\"https:\/\/www.alle-doerfer-bleiben.de\/aktionstag\/\" target=\"_blank\" rel=\"noopener noreferrer\">www.alle-doerfer-bleiben.de\/aktionstag\/<\/a><\/p>\n","protected":false},"excerpt":{"rendered":"<p>Am 22.06.2019 findet der Aktionstag &#8222;Alle D\u00f6rfer BLEIBEN! \u2013 Aktionstag Kohle Stoppen! Klima und D\u00f6rfer retten!&#8220; statt. Die BI &#8222;Zukunft statt Braunkohle &#8211; Region L\u00fctzen&#8220; ist Teil dieser Aktion und solidarisiert sich mit dessen Teilnehmern. Am Sonntag wird demonstriert werden: daf\u00fcr, dass die bedrohten D\u00f6rfer und der Hambacher Wald erhalten bleiben. f\u00fcr einen Kohleausstieg, der [&hellip;]<\/p>\n","protected":false},"author":1,"featured_media":418,"comment_status":"closed","ping_status":"closed","sticky":false,"template":"","format":"standard","meta":[],"categories":[2,4,3],"tags":[],"_links":{"self":[{"href":"http:\/\/www.luetzen-tagebau.de\/index.php?rest_route=\/wp\/v2\/posts\/417"}],"collection":[{"href":"http:\/\/www.luetzen-tagebau.de\/index.php?rest_route=\/wp\/v2\/posts"}],"about":[{"href":"http:\/\/www.luetzen-tagebau.de\/index.php?rest_route=\/wp\/v2\/types\/post"}],"author":[{"embeddable":true,"href":"http:\/\/www.luetzen-tagebau.de\/index.php?rest_route=\/wp\/v2\/users\/1"}],"replies":[{"embeddable":true,"href":"http:\/\/www.luetzen-tagebau.de\/index.php?rest_route=%2Fwp%2Fv2%2Fcomments&post=417"}],"version-history":[{"count":3,"href":"http:\/\/www.luetzen-tagebau.de\/index.php?rest_route=\/wp\/v2\/posts\/417\/revisions"}],"predecessor-version":[{"id":421,"href":"http:\/\/www.luetzen-tagebau.de\/index.php?rest_route=\/wp\/v2\/posts\/417\/revisions\/421"}],"wp:featuredmedia":[{"embeddable":true,"href":"http:\/\/www.luetzen-tagebau.de\/index.php?rest_route=\/wp\/v2\/media\/418"}],"wp:attachment":[{"href":"http:\/\/www.luetzen-tagebau.de\/index.php?rest_route=%2Fwp%2Fv2%2Fmedia&parent=417"}],"wp:term":[{"taxonomy":"category","embeddable":true,"href":"http:\/\/www.luetzen-tagebau.de\/index.php?rest_route=%2Fwp%2Fv2%2Fcategories&post=417"},{"taxonomy":"post_tag","embeddable":true,"href":"http:\/\/www.luetzen-tagebau.de\/index.php?rest_route=%2Fwp%2Fv2%2Ftags&post=417"}],"curies":[{"name":"wp","href":"https:\/\/api.w.org\/{rel}","templated":true}]}}