{"id":424,"date":"2020-01-19T14:36:15","date_gmt":"2020-01-19T13:36:15","guid":{"rendered":"http:\/\/www.luetzen-tagebau.de\/?p=424"},"modified":"2020-01-19T14:36:33","modified_gmt":"2020-01-19T13:36:33","slug":"artikel-fuer-das-amtsblatt-der-stadt-luetzen","status":"publish","type":"post","link":"http:\/\/www.luetzen-tagebau.de\/?p=424","title":{"rendered":"Artikel f\u00fcr das Amtsblatt der Stadt L\u00fctzen"},"content":{"rendered":"<p>Dieser Text sollte eigentlich im Amtsblatt von L\u00fctzen erscheinen, wurde aber mit der bgr\u00fcndung abgelehnt, dass er angeblich zu politisch sei und deshalb nicht gedruckt werden kann. Damit dennoch alle \u00fcber unsere Arbeit f\u00fcr diese Region und die durch Kohlebergbau bedrohten D\u00f6rfer informiert sind, ver\u00f6ffentlichen wir ihn stattdessen hier.<\/p>\n<p>Liebe B\u00fcrgerinnen und B\u00fcrger von L\u00fctzen<br \/>\n2019 war wieder ein sehr ereignisreiches und f\u00fcr uns als B\u00fcrgerinitiative (BI) auch anstrengendes Jahr. Die Problematiken, mit welchen wir uns besch\u00e4ftigen m\u00fcssen, werden nicht kleiner. Der Tagebau \u201eDomsen\u201c wird weiter voran getrieben, die Mineralstoffdeponier \u201eProfen Nord\u201c (vorl\u00e4ufig verhindert durch die Klage des BUND) ist noch l\u00e4ngst nicht vom Tisch und die vollkommen unn\u00f6tige, wie umweltzerst\u00f6rende Stromtrasse \u201eS\u00fcdOstLink\u201c (es hat sich eine eigene BI gegr\u00fcndet) soll mitten durch unsere Region f\u00fchren. <!--more-->Gut dass sich hiergegen der Stadtrat eindeutig bekannt hat! Als gro\u00dfes Hindernis f\u00fcr die Entwicklung von L\u00fctzen erweist sich seit Jahren die Tatsache, dass der Tagebau \u201eL\u00fctzen\u201c weiterhin Bestandteil des Landesentwicklungsplanes (LEP) von Sachsen-Anhalt ist. Seit Langem hat sich kein Unternehmen deswegen hier angesiedelt. Die Gefahr f\u00fcr 10 D\u00f6rfer und damit tausender Menschen ist aufgrund der Planung einer stofflichen Nutzung weiterhin gro\u00df. Hier sind wir schon seit mehreren Jahren aktiv. \u00dcber B\u00fcndnis90\/DIE GR\u00dcNEN haben wir es in die Politik getragen. Seit Mitte 2019 hat wohl auch die SPD das Problem entdeckt; ist aber noch nicht zwecks einer gemeinsamen L\u00f6sungsfindung an uns herangetreten. Weiterhin ist die enorm hohe Feinstaubbelastung mit einem riesigen Quecksilberanteil ein gro\u00dfes Gesundheitsrisiko f\u00fcr die Menschen hier. Der Zusammenhang mit dem Abbau und dem Verbrennen der Braunkohle ist klar zu erkennen. Auch die Situation des fallenden Grundwasserspiegels kann man nicht als positiv betrachten. 2019 sind wir der Initiative \u201eAlle D\u00f6rfer bleiben\u201c beigetreten. Diese Organisation ist zum Schutz und dem Erhalt der durch den Braunkohleabbau bedrohten D\u00f6rfer in Deutschland entstanden. Deutschlandweit haben sich viele Vereine, Verb\u00e4nde und Initiativen angeschlossen. Ein prominentes Mitglied aus Sachen- Anhalt ist z.B. der BUND. Ein besonderer H\u00f6hepunkt unserer Arbeit ist seit mehreren Jahren unsere Radtour am letzten Samstag im April. Auch f\u00fcr dieses Jahr laufen schon die Vorbereitungen. Verbunden mit einer Baumpflanzaktion f\u00fchrt die Tour am 25.April 2020 in unsere Wildkatzenregion. Es ist richtig. Die Wildkatze hat hier einen Lebensraum gefunden. Nach dem es schon 3-4 Jahre Hinweise, Ger\u00fcche und m\u00f6gliche Sichtungen dieses scheuen und sehr seltenen Tieres gab, f\u00fchrte der BUND Anfang 2019 ein mehrmonatiges Wildkatzenmonitoring im Bereich des Tagebaues \u201eDomsen\u201c durch. Im Oktober 2019 wurde nach der Haarprobenanalyse durch das Senckenberg Forschungsinstitut Hauptsitz in Frankfurt\/Main ein Erstnachweis der Wildkatze nahe Wuschlaub in Richtung Hohenm\u00f6lsen best\u00e4tigt. Nun gilt es, den Lebensraum dieses Tieres zu sch\u00fctzen. Da es auch in Richtung Taucha eine Sichtung diese Katze gab und der Nachweis in gro\u00dfer N\u00e4he zur der sich im Bau befindlichen Verbindungsstrasse Hohenm\u00f6lsen -L\u00fctzen war, ist beim geplanten Projekt ein sicherer Wild\u00fcbergang in Form einer Wildbr\u00fccke notwendig. Die Klima\u00e4nderung, auch uns sichtbar durch das sich \u00e4ndernde Wetter, erfordert eine schnelle Energiewende. Das Ziel ist eine Energieerzeugung ohne Atomkraft, ohne Stein- und Braunkohle, ohne Erd\u00f6l und Erdgas. Menschen, Umwelt und Natur sollen gesch\u00fctzt werden und die Energie muss bezahlbar sein. Die L\u00f6sung gibt es l\u00e4ngst, Technik und Technologie sind bekannt. Die L\u00f6sung ist so genial und einfach und fast f\u00fcr die ganze Welt anwendbar. Die Kosten sind f\u00fcr ein Land wie f\u00fcr Deutschland nur Peanuts. Hier k\u00f6nnte L\u00fctzen im Zuge des Strukturwandels eine Modellregion werden. \u201eWasserstoff f\u00fcr alle\u201c von Karl-Heinz Tetzlaff zeigt die L\u00f6sung daf\u00fcr. Liebe L\u00fctzener, informieren Sie sich, fragen Sie, hinterfragen Sie, bewahren Sie Ihre M\u00fcndigkeit, schauen Sie f\u00fcr eine positive Zukunft von L\u00fctzen auch einmal \u00fcber den Tellerrand.<\/p>\n<p>B\u00fcrgerinitiative \u201eZukunft statt Braunkohle- Region L\u00fctzen\u201c<\/p>\n","protected":false},"excerpt":{"rendered":"<p>Dieser Text sollte eigentlich im Amtsblatt von L\u00fctzen erscheinen, wurde aber mit der bgr\u00fcndung abgelehnt, dass er angeblich zu politisch sei und deshalb nicht gedruckt werden kann. Damit dennoch alle \u00fcber unsere Arbeit f\u00fcr diese Region und die durch Kohlebergbau bedrohten D\u00f6rfer informiert sind, ver\u00f6ffentlichen wir ihn stattdessen hier. Liebe B\u00fcrgerinnen und B\u00fcrger von L\u00fctzen [&hellip;]<\/p>\n","protected":false},"author":1,"featured_media":0,"comment_status":"closed","ping_status":"closed","sticky":false,"template":"","format":"standard","meta":[],"categories":[1,4],"tags":[],"_links":{"self":[{"href":"http:\/\/www.luetzen-tagebau.de\/index.php?rest_route=\/wp\/v2\/posts\/424"}],"collection":[{"href":"http:\/\/www.luetzen-tagebau.de\/index.php?rest_route=\/wp\/v2\/posts"}],"about":[{"href":"http:\/\/www.luetzen-tagebau.de\/index.php?rest_route=\/wp\/v2\/types\/post"}],"author":[{"embeddable":true,"href":"http:\/\/www.luetzen-tagebau.de\/index.php?rest_route=\/wp\/v2\/users\/1"}],"replies":[{"embeddable":true,"href":"http:\/\/www.luetzen-tagebau.de\/index.php?rest_route=%2Fwp%2Fv2%2Fcomments&post=424"}],"version-history":[{"count":3,"href":"http:\/\/www.luetzen-tagebau.de\/index.php?rest_route=\/wp\/v2\/posts\/424\/revisions"}],"predecessor-version":[{"id":427,"href":"http:\/\/www.luetzen-tagebau.de\/index.php?rest_route=\/wp\/v2\/posts\/424\/revisions\/427"}],"wp:attachment":[{"href":"http:\/\/www.luetzen-tagebau.de\/index.php?rest_route=%2Fwp%2Fv2%2Fmedia&parent=424"}],"wp:term":[{"taxonomy":"category","embeddable":true,"href":"http:\/\/www.luetzen-tagebau.de\/index.php?rest_route=%2Fwp%2Fv2%2Fcategories&post=424"},{"taxonomy":"post_tag","embeddable":true,"href":"http:\/\/www.luetzen-tagebau.de\/index.php?rest_route=%2Fwp%2Fv2%2Ftags&post=424"}],"curies":[{"name":"wp","href":"https:\/\/api.w.org\/{rel}","templated":true}]}}