{"id":449,"date":"2021-03-26T20:07:22","date_gmt":"2021-03-26T19:07:22","guid":{"rendered":"http:\/\/www.luetzen-tagebau.de\/?p=449"},"modified":"2021-03-26T20:07:22","modified_gmt":"2021-03-26T19:07:22","slug":"radtour-gegen-kohle-findet-nicht-statt","status":"publish","type":"post","link":"http:\/\/www.luetzen-tagebau.de\/?p=449","title":{"rendered":"Radtour gegen Kohle findet nicht statt"},"content":{"rendered":"<p>Eigentlich sollte am 23. April zum achten Mal unsere j\u00e4hrliche Radtour gegen Kohle stattfinden. Doch aufgrund der anhaltenden Lage bez\u00fcglich des Coronavirus im Burgenlandkreis sehen wir uns leider auch dieses Jahr gezwungen die Veranstaltung abzusagen.<\/p>\n<p>Ob die Veranstaltung zu einem sp\u00e4teren Zeitpunkt stattfindet oder dieses Jahr komplett ausf\u00e4llt ist noch nicht absehbar. Falls es Neuigkeiten gibt, werden wir sie hier nat\u00fcrlich bekanntmachen.<\/p>\n","protected":false},"excerpt":{"rendered":"<p>Eigentlich sollte am 23. April zum achten Mal unsere j\u00e4hrliche Radtour gegen Kohle stattfinden. Doch aufgrund der anhaltenden Lage bez\u00fcglich des Coronavirus im Burgenlandkreis sehen wir uns leider auch dieses Jahr gezwungen die Veranstaltung abzusagen. Ob die Veranstaltung zu einem sp\u00e4teren Zeitpunkt stattfindet oder dieses Jahr komplett ausf\u00e4llt ist noch nicht absehbar. Falls es Neuigkeiten [&hellip;]<\/p>\n","protected":false},"author":1,"featured_media":0,"comment_status":"closed","ping_status":"closed","sticky":false,"template":"","format":"standard","meta":[],"categories":[2,4,3],"tags":[],"_links":{"self":[{"href":"http:\/\/www.luetzen-tagebau.de\/index.php?rest_route=\/wp\/v2\/posts\/449"}],"collection":[{"href":"http:\/\/www.luetzen-tagebau.de\/index.php?rest_route=\/wp\/v2\/posts"}],"about":[{"href":"http:\/\/www.luetzen-tagebau.de\/index.php?rest_route=\/wp\/v2\/types\/post"}],"author":[{"embeddable":true,"href":"http:\/\/www.luetzen-tagebau.de\/index.php?rest_route=\/wp\/v2\/users\/1"}],"replies":[{"embeddable":true,"href":"http:\/\/www.luetzen-tagebau.de\/index.php?rest_route=%2Fwp%2Fv2%2Fcomments&post=449"}],"version-history":[{"count":1,"href":"http:\/\/www.luetzen-tagebau.de\/index.php?rest_route=\/wp\/v2\/posts\/449\/revisions"}],"predecessor-version":[{"id":450,"href":"http:\/\/www.luetzen-tagebau.de\/index.php?rest_route=\/wp\/v2\/posts\/449\/revisions\/450"}],"wp:attachment":[{"href":"http:\/\/www.luetzen-tagebau.de\/index.php?rest_route=%2Fwp%2Fv2%2Fmedia&parent=449"}],"wp:term":[{"taxonomy":"category","embeddable":true,"href":"http:\/\/www.luetzen-tagebau.de\/index.php?rest_route=%2Fwp%2Fv2%2Fcategories&post=449"},{"taxonomy":"post_tag","embeddable":true,"href":"http:\/\/www.luetzen-tagebau.de\/index.php?rest_route=%2Fwp%2Fv2%2Ftags&post=449"}],"curies":[{"name":"wp","href":"https:\/\/api.w.org\/{rel}","templated":true}]}}