{"id":78,"date":"2015-05-15T07:48:35","date_gmt":"2015-05-15T05:48:35","guid":{"rendered":"http:\/\/www.luetzen-tagebau.de\/?p=78"},"modified":"2015-10-04T11:25:37","modified_gmt":"2015-10-04T09:25:37","slug":"artikel-im-amtsblatt-vom-mai-2015","status":"publish","type":"post","link":"http:\/\/www.luetzen-tagebau.de\/?p=78","title":{"rendered":"Artikel im Amtsblatt der Stadt L\u00fctzen vom 15. Mai 2015"},"content":{"rendered":"<p>Liebe B\u00fcrgerinnen und B\u00fcrger von L\u00fctzen,<\/p>\n<p>am 25. April fand die 3. Radtour der B\u00fcrgerinitiative \u201eZukunft statt Braunkohle \u2013 Region L\u00fctzen\u201c  statt. Bei bestem Fahrradwetter absolvierten die Teilnehmer aus der Region L\u00fctzen die Strecke  entlang der m\u00f6glichen Grenze eines geplanten Tagebaus bei L\u00fctzen. Unterst\u00fctzt wurden sie dabei von Umweltverb\u00e4nden und den B\u00fcndnisgr\u00fcnen aus Halle, Merseburg und Leipzig. Sie alle wollten ein Zeichen  setzen f\u00fcr den Klimaschutz und den Erhalt unserer Heimat. Denn von einem Tagebau in unserer Region w\u00fcrden, sollte er denn er\u00f6ffnet werden, rund 7000 Menschen betroffen sein \u2013 etwa 1000 direkt durch eine Umsiedlung und die restlichen 6000 als Anwohner, die L\u00e4rm und Staub zu ertragen h\u00e4tten. Wertvolle Landwirtschaftsfl\u00e4chen und in Jahrhunderten gewachsene Kulturlandschaft w\u00fcrden f\u00fcr immer verloren sein.<br \/>\n<!--more--><br \/>\nNach einer kurzen Einf\u00fchrung und St\u00e4rkung auf dem L\u00fctzener Marktplatz starteten die Teilnehmer am Samstag ihre Tour \u00fcber R\u00f6cken, Gro\u00dfg\u00f6hren, Kleing\u00f6hren, S\u00f6ssen und Kreischau. Nach einer kurzen Erholungspause in Pobles ging es dann weiter \u00fcber G\u00f6thewitz, Wuschlaub, Tornau, S\u00f6hesten, Muschwitz und Starsiedel. Zum Abschluss fanden sich alle Teilnehmer im Pfarrgarten in R\u00f6cken ein. Bei Kaffee und Kuchen und netten Gespr\u00e4chen fand der Tag einen sch\u00f6nen Ausklang.<\/p>\n<p>An dieser Stelle m\u00f6chten wir uns ganz herzlich bei allen Helfern bedanken, die in ihrer Freizeit zum Gelingen der Radtour beigetragen und f\u00fcr die Versorgung der rund 80 Teilnehmer gesorgt haben! Nat\u00fcrlich gilt unser Dank auch allen Teilnehmern, die zum Teil einen weiten Anreiseweg in Kauf genommen haben, um uns zu unterst\u00fctzen. <\/p>\n<p>Ein Teilnehmer kam von ganz besonders weit her: Professor Christian Saehrendt aus Z\u00fcrich befindet sich gerade auf einer Tour durch Mitteldeutschland auf den Spuren von Friedrich Nietzsche. Als Kunsthistoriker ist er an dessen Leben und Schaffen interessiert. Dar\u00fcber, dass der Geburtsort und die Grabst\u00e4tte des international bekannten Philosophen einem Tagebau weichen m\u00fcssten, ist er wenig erfreut. Er schloss sich daher spontan unsrer Tour an und verlie\u00df uns mit dem Versprechen, dieses Problem in der Schweiz publik zu machen.<br \/>\nWir w\u00e4ren ihm sehr dankbar! <\/p>\n<p>Wenn auch Sie etwas zum Erhalt unserer Heimat beitragen m\u00f6chten, sind Sie ganz herzlich zu unserer n\u00e4chsten Versammlung am 28. Mai um 19.00 Uhr im Pfarrhaus in R\u00f6cken eingeladen!<\/p>\n<p><a href=\"http:\/\/www.stadt-luetzen.de\/media\/dokumente\/amtsblatt_2015\/nr._5_amtsblatt_mai_2015.pdf\" target=\"_blank\">Amtsblatt der Stadt L\u00fctzen (PDF)<\/a><\/p>\n","protected":false},"excerpt":{"rendered":"<p>Liebe B\u00fcrgerinnen und B\u00fcrger von L\u00fctzen, am 25. April fand die 3. Radtour der B\u00fcrgerinitiative \u201eZukunft statt Braunkohle \u2013 Region L\u00fctzen\u201c statt. Bei bestem Fahrradwetter absolvierten die Teilnehmer aus der Region L\u00fctzen die Strecke entlang der m\u00f6glichen Grenze eines geplanten Tagebaus bei L\u00fctzen. Unterst\u00fctzt wurden sie dabei von Umweltverb\u00e4nden und den B\u00fcndnisgr\u00fcnen aus Halle, Merseburg [&hellip;]<\/p>\n","protected":false},"author":1,"featured_media":0,"comment_status":"open","ping_status":"open","sticky":false,"template":"","format":"standard","meta":[],"categories":[1,4],"tags":[],"_links":{"self":[{"href":"http:\/\/www.luetzen-tagebau.de\/index.php?rest_route=\/wp\/v2\/posts\/78"}],"collection":[{"href":"http:\/\/www.luetzen-tagebau.de\/index.php?rest_route=\/wp\/v2\/posts"}],"about":[{"href":"http:\/\/www.luetzen-tagebau.de\/index.php?rest_route=\/wp\/v2\/types\/post"}],"author":[{"embeddable":true,"href":"http:\/\/www.luetzen-tagebau.de\/index.php?rest_route=\/wp\/v2\/users\/1"}],"replies":[{"embeddable":true,"href":"http:\/\/www.luetzen-tagebau.de\/index.php?rest_route=%2Fwp%2Fv2%2Fcomments&post=78"}],"version-history":[{"count":4,"href":"http:\/\/www.luetzen-tagebau.de\/index.php?rest_route=\/wp\/v2\/posts\/78\/revisions"}],"predecessor-version":[{"id":83,"href":"http:\/\/www.luetzen-tagebau.de\/index.php?rest_route=\/wp\/v2\/posts\/78\/revisions\/83"}],"wp:attachment":[{"href":"http:\/\/www.luetzen-tagebau.de\/index.php?rest_route=%2Fwp%2Fv2%2Fmedia&parent=78"}],"wp:term":[{"taxonomy":"category","embeddable":true,"href":"http:\/\/www.luetzen-tagebau.de\/index.php?rest_route=%2Fwp%2Fv2%2Fcategories&post=78"},{"taxonomy":"post_tag","embeddable":true,"href":"http:\/\/www.luetzen-tagebau.de\/index.php?rest_route=%2Fwp%2Fv2%2Ftags&post=78"}],"curies":[{"name":"wp","href":"https:\/\/api.w.org\/{rel}","templated":true}]}}