{"id":88,"date":"2015-08-14T08:07:00","date_gmt":"2015-08-14T06:07:00","guid":{"rendered":"http:\/\/www.luetzen-tagebau.de\/?p=88"},"modified":"2015-10-04T22:39:37","modified_gmt":"2015-10-04T20:39:37","slug":"artikel-im-amtsblatt-der-stadt-luetzen-vom-14-august-2015","status":"publish","type":"post","link":"http:\/\/www.luetzen-tagebau.de\/?p=88","title":{"rendered":"Artikel im Amtsblatt der Stadt L\u00fctzen vom 14. August 2015"},"content":{"rendered":"<p>Liebe B\u00fcrgerinnen und B\u00fcrger von L\u00fctzen,<\/p>\n<p>k\u00fcrzlich war in der Mitteldeutschen Zeitung zu lesen, dass sich die Kosten der Feinstaubbelastung in Frankreich j\u00e4hrlich auf unglaubliche 200 Mrd. Euro belaufen. Ein gro\u00dfer Teil dieser Kosten betreffen das Gesundheitswesen. Feinstaub mit den darin enthaltenen Giften macht die Menschen krank (80 % aller Krebserkrankungen entstehen durch Umweltgifte). Der Gro\u00dfraum Halle \/ Saale \u2013 Leipzig geh\u00f6rt deutschlandweit zu den am meisten belasteten Regionen. Die St\u00e4dte Halle \/ Saale und Leipzig stehen an 4. und 5. Stelle bei der H\u00f6chstbelastung. Auch das Risiko an Krebs zu erkranken ist hier extrem hoch. Das Hauptproblem ist die Kohleverbrennung in den gro\u00dfen Braunkohlekraftwerken wie Schkopau und Lippendorf. Beliefert werden beide mit Kohle aus den MIBRAG-Tagebauen Profen und Vereinigtes Schleenhain.<br \/>\n<!--more--><br \/>\nUnd diese Tagebaue zerst\u00f6ren ganze Landstriche und vertreiben Menschen aus ihren D\u00f6rfern. <\/p>\n<p>Kohle ist giftig f\u00fcr Mensch und Klima, Kohle t\u00f6tet. Unter dem Motto \u201eCoal Kills\u201c fand am 8. August 2015 eine Protestaktion am Braunkohlekraftwerk J\u00e4nschwalde bei Cottbus statt. Gemeinsam formten hunderte Teilnehmer ein eindringliches Bild, um die Gefahr durch Kohleverbrennung aufzuzeigen.<\/p>\n<p>Unsere n\u00e4chste Veranstaltung startet am Sonntag, dem 13. September 2015 um 14.00 Uhr an der Nietzsche-Gedenkst\u00e4tte in R\u00f6cken. Neben einer Filmvorf\u00fchrung \u201eLeben mit der Energiewende 3\u201c von Frank Farenski f\u00fcr die \u201eGro\u00dfen\u201c und Spiel und Spa\u00df f\u00fcr die \u201eKleinen\u201c m\u00f6chten wir mit einem Tr\u00f6delmarkt einige Euros f\u00fcr den weiter sanierungsbed\u00fcrftigen R\u00f6ckener Kirchturm sammeln. Wer uns diesbez\u00fcglich mit der ein oder anderen Sachspende unterst\u00fctzen m\u00f6chte, kann dies gerne tun. Insbesondere \u00fcber Kinderspielzeug oder -bekleidung w\u00fcrden wir uns sehr freuen. Zur St\u00e4rkung wird es auch Kaffee und leckeren Kuchen geben.<\/p>\n<p>Abschlie\u00dfend ist noch zu sagen, dass auch Frankreich die Energiewende beschlossen hat \u2013 ein gutes Zeichen f\u00fcr die Umwelt und die Gesundheit der Menschen.<\/p>\n<p>Unser n\u00e4chstes Treffen findet am 27. August  um 19.00 Uhr im Pfarrhaus in R\u00f6cken statt. Sie sind herzlich eingeladen!<\/p>\n<p><a href=\"http:\/\/www.stadt-luetzen.de\/media\/dokumente\/amtsblatt_2015\/nr._8_amtsblatt_august_2015.pdf\" target=\"_blank\">Amtsblatt der Stadt L\u00fctzen (PDF)<\/a><\/p>\n","protected":false},"excerpt":{"rendered":"<p>Liebe B\u00fcrgerinnen und B\u00fcrger von L\u00fctzen, k\u00fcrzlich war in der Mitteldeutschen Zeitung zu lesen, dass sich die Kosten der Feinstaubbelastung in Frankreich j\u00e4hrlich auf unglaubliche 200 Mrd. Euro belaufen. Ein gro\u00dfer Teil dieser Kosten betreffen das Gesundheitswesen. Feinstaub mit den darin enthaltenen Giften macht die Menschen krank (80 % aller Krebserkrankungen entstehen durch Umweltgifte). Der [&hellip;]<\/p>\n","protected":false},"author":1,"featured_media":0,"comment_status":"open","ping_status":"open","sticky":false,"template":"","format":"standard","meta":[],"categories":[1,4],"tags":[],"_links":{"self":[{"href":"http:\/\/www.luetzen-tagebau.de\/index.php?rest_route=\/wp\/v2\/posts\/88"}],"collection":[{"href":"http:\/\/www.luetzen-tagebau.de\/index.php?rest_route=\/wp\/v2\/posts"}],"about":[{"href":"http:\/\/www.luetzen-tagebau.de\/index.php?rest_route=\/wp\/v2\/types\/post"}],"author":[{"embeddable":true,"href":"http:\/\/www.luetzen-tagebau.de\/index.php?rest_route=\/wp\/v2\/users\/1"}],"replies":[{"embeddable":true,"href":"http:\/\/www.luetzen-tagebau.de\/index.php?rest_route=%2Fwp%2Fv2%2Fcomments&post=88"}],"version-history":[{"count":1,"href":"http:\/\/www.luetzen-tagebau.de\/index.php?rest_route=\/wp\/v2\/posts\/88\/revisions"}],"predecessor-version":[{"id":89,"href":"http:\/\/www.luetzen-tagebau.de\/index.php?rest_route=\/wp\/v2\/posts\/88\/revisions\/89"}],"wp:attachment":[{"href":"http:\/\/www.luetzen-tagebau.de\/index.php?rest_route=%2Fwp%2Fv2%2Fmedia&parent=88"}],"wp:term":[{"taxonomy":"category","embeddable":true,"href":"http:\/\/www.luetzen-tagebau.de\/index.php?rest_route=%2Fwp%2Fv2%2Fcategories&post=88"},{"taxonomy":"post_tag","embeddable":true,"href":"http:\/\/www.luetzen-tagebau.de\/index.php?rest_route=%2Fwp%2Fv2%2Ftags&post=88"}],"curies":[{"name":"wp","href":"https:\/\/api.w.org\/{rel}","templated":true}]}}